

{"id":1899,"date":"2008-06-13T09:59:00","date_gmt":"2008-06-13T09:59:00","guid":{"rendered":"http:\/\/bignondekeyser.siteadwin.fr\/en\/juin-2008-la-crise\/"},"modified":"2016-09-21T12:51:38","modified_gmt":"2016-09-21T12:51:38","slug":"juin-2008-la-crise","status":"publish","type":"post","link":"https:\/\/www.bignondekeyser.fr\/en\/juin-2008-la-crise\/","title":{"rendered":"La crise ?"},"content":{"rendered":"<p align=\"justify\">On me pose souvent la question de l\u2019impact de la crise financi\u00e8re actuelle sur les cabinets d\u2019avocats\u00a0; selon moi, il n\u2019y a pas de r\u00e9ponse unique et la r\u00e9ponse diff\u00e8re en fonction des particularit\u00e9s de l\u2019activit\u00e9 des cabinets. Pour les cabinets qui ont des domaines d\u2019activit\u00e9 \u00e9quilibr\u00e9s (contentieux, conseil, transaction et restructuration \u2026) ils devraient continuer \u00e0 bien marcher. Pour ceux dont les domaines d\u2019activit\u00e9 sont moins \u00e9quilibr\u00e9s, on commence \u00e0 voir des signes de probl\u00e8mes \u00e0 venir. En d\u2019autres termes, la g\u00e9n\u00e9ralisation des commentaires ne me semble pas possible pour le march\u00e9 juridique.<\/p>\n<div align=\"justify\">Ce qui me parait le plus important dans les temps actuels, c\u2019est que le march\u00e9, au retour de la normalit\u00e9, aura chang\u00e9. Il ne s\u2019agit pas d\u2019un temps de statu quo et les cabinets qui saisiront les opportunit\u00e9s d\u2019un tel march\u00e9 seront les gagnants de demain.<\/div>\n","protected":false},"excerpt":{"rendered":"<p>On me pose souvent la question de l\u2019impact de la crise financi\u00e8re actuelle sur les cabinets d\u2019avocats\u00a0; selon moi, il n\u2019y a pas de r\u00e9ponse unique et la r\u00e9ponse diff\u00e8re en fonction des particularit\u00e9s de l\u2019activit\u00e9 des cabinets. Pour les cabinets qui ont des domaines d\u2019activit\u00e9 \u00e9quilibr\u00e9s (contentieux, conseil, transaction et restructuration \u2026) ils devraient\u2026<\/p>\n","protected":false},"author":1,"featured_media":553,"comment_status":"open","ping_status":"open","sticky":false,"template":"","format":"standard","meta":{"_acf_changed":false,"footnotes":""},"categories":[49],"tags":[],"class_list":["post-1899","post","type-post","status-publish","format-standard","has-post-thumbnail","hentry","category-en-bref-en"],"acf":[],"_links":{"self":[{"href":"https:\/\/www.bignondekeyser.fr\/en\/wp-json\/wp\/v2\/posts\/1899","targetHints":{"allow":["GET"]}}],"collection":[{"href":"https:\/\/www.bignondekeyser.fr\/en\/wp-json\/wp\/v2\/posts"}],"about":[{"href":"https:\/\/www.bignondekeyser.fr\/en\/wp-json\/wp\/v2\/types\/post"}],"author":[{"embeddable":true,"href":"https:\/\/www.bignondekeyser.fr\/en\/wp-json\/wp\/v2\/users\/1"}],"replies":[{"embeddable":true,"href":"https:\/\/www.bignondekeyser.fr\/en\/wp-json\/wp\/v2\/comments?post=1899"}],"version-history":[{"count":2,"href":"https:\/\/www.bignondekeyser.fr\/en\/wp-json\/wp\/v2\/posts\/1899\/revisions"}],"predecessor-version":[{"id":2022,"href":"https:\/\/www.bignondekeyser.fr\/en\/wp-json\/wp\/v2\/posts\/1899\/revisions\/2022"}],"wp:featuredmedia":[{"embeddable":true,"href":"https:\/\/www.bignondekeyser.fr\/en\/wp-json\/wp\/v2\/media\/553"}],"wp:attachment":[{"href":"https:\/\/www.bignondekeyser.fr\/en\/wp-json\/wp\/v2\/media?parent=1899"}],"wp:term":[{"taxonomy":"category","embeddable":true,"href":"https:\/\/www.bignondekeyser.fr\/en\/wp-json\/wp\/v2\/categories?post=1899"},{"taxonomy":"post_tag","embeddable":true,"href":"https:\/\/www.bignondekeyser.fr\/en\/wp-json\/wp\/v2\/tags?post=1899"}],"curies":[{"name":"wp","href":"https:\/\/api.w.org\/{rel}","templated":true}]}}